{"id":987,"date":"2025-04-04T07:03:10","date_gmt":"2025-04-04T07:03:10","guid":{"rendered":"https:\/\/change.uni-ak.ac.at\/?p=987"},"modified":"2025-07-01T08:35:02","modified_gmt":"2025-07-01T08:35:02","slug":"raum-fur-nachhaltigkeit-22-mai-2025","status":"publish","type":"post","link":"https:\/\/change.uni-ak.ac.at\/index.php\/2025\/04\/04\/raum-fur-nachhaltigkeit-22-mai-2025\/","title":{"rendered":"Raum f\u00fcr Nachhaltigkeit 22. Mai 2025"},"content":{"rendered":"<p>[et_pb_section fb_built=&#8221;1&#8243; _builder_version=&#8221;4.27.4&#8243; _module_preset=&#8221;default&#8221; min_height=&#8221;1643px&#8221; custom_padding=&#8221;||0px||false|false&#8221; global_colors_info=&#8221;{}&#8221;][et_pb_row _builder_version=&#8221;4.19.4&#8243; _module_preset=&#8221;default&#8221; global_colors_info=&#8221;{}&#8221;][et_pb_column type=&#8221;4_4&#8243; _builder_version=&#8221;4.19.4&#8243; _module_preset=&#8221;default&#8221; global_colors_info=&#8221;{}&#8221;][et_pb_text _builder_version=&#8221;4.27.4&#8243; _module_preset=&#8221;default&#8221; global_colors_info=&#8221;{}&#8221;]<\/p>\n<h1>Raum f\u00fcr Nachhaltigkeit: 22. Mai 2025<\/h1>\n<p><strong>Invitation to Interact<\/strong><\/p>\n<p>[\/et_pb_text][\/et_pb_column][\/et_pb_row][et_pb_row _builder_version=&#8221;4.19.4&#8243; _module_preset=&#8221;default&#8221; global_colors_info=&#8221;{}&#8221;][et_pb_column type=&#8221;4_4&#8243; _builder_version=&#8221;4.19.4&#8243; _module_preset=&#8221;default&#8221; global_colors_info=&#8221;{}&#8221;][et_pb_text _builder_version=&#8221;4.27.4&#8243; _module_preset=&#8221;default&#8221; global_colors_info=&#8221;{}&#8221;]<\/p>\n<p><span>14.00 bis 15.30<\/span><\/p>\n<p>Japanisches Informations- und Kulturzentrum<\/p>\n<p>Schottenring 8, 1010 Wien<\/p>\n<p><span>Kostenlose Teilnahme <\/span>(begrenzte Teilnehmer*innenzahl)<\/p>\n<p>Anmeldung erforderlich unter <b>info@wi.mofa.go.jp<\/b><\/p>\n<p>[\/et_pb_text][\/et_pb_column][\/et_pb_row][et_pb_row column_structure=&#8221;1_2,1_2&#8243; _builder_version=&#8221;4.21.0&#8243; _module_preset=&#8221;default&#8221; global_colors_info=&#8221;{}&#8221;][et_pb_column type=&#8221;1_2&#8243; _builder_version=&#8221;4.19.4&#8243; _module_preset=&#8221;default&#8221; global_colors_info=&#8221;{}&#8221;][et_pb_text _builder_version=&#8221;4.27.4&#8243; _module_preset=&#8221;default&#8221; global_colors_info=&#8221;{}&#8221;]<\/p>\n<h2>VERPACKEN zum Quadrat<\/h2>\n<p>Knoten und Verpacken mit Textilien<\/p>\n<p>Studierende der Universit\u00e4t f\u00fcr angewandte Kunst Wien freuen sich mit Ihnen FUROSHIKI im Japanischen Informations- und Kulturzentrum zu knoten.<\/p>\n<p><i>Packe mit!<\/i><\/p>\n<p class=\"p1\"><i><\/i><\/p>\n<p>[\/et_pb_text][\/et_pb_column][et_pb_column type=&#8221;1_2&#8243; _builder_version=&#8221;4.19.4&#8243; _module_preset=&#8221;default&#8221; global_colors_info=&#8221;{}&#8221;][et_pb_image src=&#8221;https:\/\/change.uni-ak.ac.at\/wp-content\/uploads\/2025\/04\/25S_INSTA_16_RfN_JAPcNefiseErbay.jpg&#8221; title_text=&#8221;25S_INSTA_16_RfN_JAP(c)NefiseErbay&#8221; _builder_version=&#8221;4.27.4&#8243; _module_preset=&#8221;default&#8221; hover_enabled=&#8221;0&#8243; global_colors_info=&#8221;{}&#8221; sticky_enabled=&#8221;0&#8243;][\/et_pb_image][\/et_pb_column][\/et_pb_row][\/et_pb_section][et_pb_section fb_built=&#8221;1&#8243; _builder_version=&#8221;4.27.4&#8243; _module_preset=&#8221;default&#8221; custom_margin=&#8221;0px||||false|false&#8221; custom_padding=&#8221;0px||||false|false&#8221; global_colors_info=&#8221;{}&#8221;][et_pb_row _builder_version=&#8221;4.27.4&#8243; _module_preset=&#8221;default&#8221; global_colors_info=&#8221;{}&#8221;][et_pb_column type=&#8221;4_4&#8243; _builder_version=&#8221;4.27.4&#8243; _module_preset=&#8221;default&#8221; global_colors_info=&#8221;{}&#8221;][et_pb_text _builder_version=&#8221;4.27.4&#8243; _module_preset=&#8221;default&#8221; text_font_size=&#8221;11px&#8221; text_line_height=&#8221;1.5em&#8221; global_colors_info=&#8221;{}&#8221;]<\/p>\n<p>Die Veranstaltung entstand aus einer Kooperation zwischen der Universit\u00e4t f\u00fcr angewandte Kunst Wien, vertreten durch AProf.in Michaela Martinek in Kooperation mit dem Japanischen Informations- und Kulturzentrum. <i>Raum f\u00fcr Nachhaltigkeit<\/i> m\u00f6chte damit einen Kulturaustausch zwischen der traditionellen Japanischen Kulturtechnik FUROSHIKI und nachhaltigen, k\u00fcnstlerischen Zug\u00e4ngen von \u00f6sterreichischen Studierenden unterst\u00fctzen. Designmediation: Studierende der Lehrveranstaltung K\u00fcnstlerische Projektarbeit Design\/DAE\/IKK.K\/https:\/\/dex.uni-ak.ac.at. Grafik: Raum f\u00fcr Nachhaltigkeit 2025, Sujet 24\/25 aus der Serie Interconnectedness von Natascha Gerold, Foto: Nefise Erbay @change.angewandte<\/p>\n<p>W\u00e4hrend der Veranstaltung werden Fotoaufnahmen gemacht. Mit Ihrer Anmeldung stimmen Sie deren Verwendung f\u00fcr Dokumentation, \u00d6ffentlichkeitsarbeit und Social Media zu.<\/p>\n<p>[\/et_pb_text][\/et_pb_column][\/et_pb_row][\/et_pb_section]<\/p>\n","protected":false},"excerpt":{"rendered":"<p>We invite your participation to develop and expand our Raum f\u00fcr Nachhaltigkeit. Japanisches Informations- und Kulturzentrum<br \/>\nSchottenring 8, 1010 Wien<br \/>\nKostenlose Teilnahme (begrenzte Teilnehmer*innenzahl)<br \/>\nAnmeldung erforderlich unter info@wi.mofa.go.jp<\/p>\n","protected":false},"author":1,"featured_media":991,"comment_status":"open","ping_status":"closed","sticky":false,"template":"","format":"standard","meta":{"_et_pb_use_builder":"on","_et_pb_old_content":"","_et_gb_content_width":"","footnotes":""},"categories":[19,1],"tags":[],"class_list":["post-987","post","type-post","status-publish","format-standard","has-post-thumbnail","hentry","category-19","category-past-events"],"_links":{"self":[{"href":"https:\/\/change.uni-ak.ac.at\/index.php\/wp-json\/wp\/v2\/posts\/987","targetHints":{"allow":["GET"]}}],"collection":[{"href":"https:\/\/change.uni-ak.ac.at\/index.php\/wp-json\/wp\/v2\/posts"}],"about":[{"href":"https:\/\/change.uni-ak.ac.at\/index.php\/wp-json\/wp\/v2\/types\/post"}],"author":[{"embeddable":true,"href":"https:\/\/change.uni-ak.ac.at\/index.php\/wp-json\/wp\/v2\/users\/1"}],"replies":[{"embeddable":true,"href":"https:\/\/change.uni-ak.ac.at\/index.php\/wp-json\/wp\/v2\/comments?post=987"}],"version-history":[{"count":7,"href":"https:\/\/change.uni-ak.ac.at\/index.php\/wp-json\/wp\/v2\/posts\/987\/revisions"}],"predecessor-version":[{"id":1036,"href":"https:\/\/change.uni-ak.ac.at\/index.php\/wp-json\/wp\/v2\/posts\/987\/revisions\/1036"}],"wp:featuredmedia":[{"embeddable":true,"href":"https:\/\/change.uni-ak.ac.at\/index.php\/wp-json\/wp\/v2\/media\/991"}],"wp:attachment":[{"href":"https:\/\/change.uni-ak.ac.at\/index.php\/wp-json\/wp\/v2\/media?parent=987"}],"wp:term":[{"taxonomy":"category","embeddable":true,"href":"https:\/\/change.uni-ak.ac.at\/index.php\/wp-json\/wp\/v2\/categories?post=987"},{"taxonomy":"post_tag","embeddable":true,"href":"https:\/\/change.uni-ak.ac.at\/index.php\/wp-json\/wp\/v2\/tags?post=987"}],"curies":[{"name":"wp","href":"https:\/\/api.w.org\/{rel}","templated":true}]}}